{"id":153,"date":"2009-11-16T23:00:51","date_gmt":"2009-11-16T21:00:51","guid":{"rendered":"http:\/\/www.tapetenagentur.de\/wordpress\/?p=153"},"modified":"2009-11-16T23:00:51","modified_gmt":"2009-11-16T21:00:51","slug":"schiller-goethe-die-zweite","status":"publish","type":"post","link":"https:\/\/www.mfaktor.net\/?p=153","title":{"rendered":"Schiller &#038; Goethe die Zweite"},"content":{"rendered":"<p>Nachdem bereits ein kurzer Einblick in die Wandgestaltung Schillers gegeben wurde (siehe in diesem Blog unter &#8220;Schiller und seine Tapeten&#8221;), werden nun die wirklich elementaren Probleme thematisiert. Es ist sch\u00f6n zu lesen, dass sich auch Sch\u00f6ngeister \u00fcber solche Banalit\u00e4ten unterhalten konnten. Lesen Sie selbst:<\/p>\n<p>Goethe an Schiller (Weimar, den 10. Februar 1796):<\/p>\n<p>&#8220;Die Bord\u00fcren, hoff ich, werden Ihnen gefallen, nur mu\u00df man acht haben, da\u00df sie nicht falsch aufgeklebt werden; sie haben zweierlei Lichtseiten, um sie rechts und links gegen die Fenster wenden zu k\u00f6nnen, auch ist zu bemerken, da\u00df die Bouquets fallen. Die Leute geben nicht immer acht auf diese Hauptpunkte, sie haben mir in meinem Hause eine solche Bord\u00fcre ganz falsch aufgeklebt, deswegen ich dieses zur Warnung melde. Ich will das Paket auch von hier frankieren und den Betrag zusammennotieren&#8221;.<\/p>\n<p>Schiller an Goethe (Jena, den 12. Februar 1796)<\/p>\n<p>&#8220;Den sch\u00f6nsten Dank f\u00fcr die M\u00fche, die Sie mit den Tapeten p. \u00fcbernommen haben. Die Borduren werden sehr gut aussehen. Ich freue mich auf die sch\u00f6nere W\u00e4nde, die mich nun umgeben werden&#8221;.<\/p>\n<p>Quelle: Staiger, Emil (Hr.): Schiller\/Goethe Briefwechsel, Frankfurt 2005.<\/p>\n","protected":false},"excerpt":{"rendered":"<p>Nachdem bereits ein kurzer Einblick in die Wandgestaltung Schillers gegeben wurde (siehe in diesem Blog unter &#8220;Schiller und seine Tapeten&#8221;), werden nun die wirklich elementaren Probleme thematisiert. Es ist sch\u00f6n zu lesen, dass sich auch Sch\u00f6ngeister \u00fcber solche Banalit\u00e4ten unterhalten [&hellip;]<\/p>\n","protected":false},"author":5,"featured_media":0,"comment_status":"open","ping_status":"open","sticky":false,"template":"","format":"standard","meta":{"footnotes":""},"categories":[8],"tags":[],"_links":{"self":[{"href":"https:\/\/www.mfaktor.net\/index.php?rest_route=\/wp\/v2\/posts\/153"}],"collection":[{"href":"https:\/\/www.mfaktor.net\/index.php?rest_route=\/wp\/v2\/posts"}],"about":[{"href":"https:\/\/www.mfaktor.net\/index.php?rest_route=\/wp\/v2\/types\/post"}],"author":[{"embeddable":true,"href":"https:\/\/www.mfaktor.net\/index.php?rest_route=\/wp\/v2\/users\/5"}],"replies":[{"embeddable":true,"href":"https:\/\/www.mfaktor.net\/index.php?rest_route=%2Fwp%2Fv2%2Fcomments&post=153"}],"version-history":[{"count":0,"href":"https:\/\/www.mfaktor.net\/index.php?rest_route=\/wp\/v2\/posts\/153\/revisions"}],"wp:attachment":[{"href":"https:\/\/www.mfaktor.net\/index.php?rest_route=%2Fwp%2Fv2%2Fmedia&parent=153"}],"wp:term":[{"taxonomy":"category","embeddable":true,"href":"https:\/\/www.mfaktor.net\/index.php?rest_route=%2Fwp%2Fv2%2Fcategories&post=153"},{"taxonomy":"post_tag","embeddable":true,"href":"https:\/\/www.mfaktor.net\/index.php?rest_route=%2Fwp%2Fv2%2Ftags&post=153"}],"curies":[{"name":"wp","href":"https:\/\/api.w.org\/{rel}","templated":true}]}}